{"id":7861,"date":"2021-02-08T18:18:16","date_gmt":"2021-02-08T17:18:16","guid":{"rendered":"https:\/\/www.comm-elle.com\/ozas99prod\/?p=7861"},"modified":"2022-05-23T07:08:54","modified_gmt":"2022-05-23T05:08:54","slug":"jhona","status":"publish","type":"post","link":"https:\/\/comm-elle.com\/ozas99prod\/jhona\/","title":{"rendered":"Jhona Vaz"},"content":{"rendered":"\n<p class=\"wp-block-paragraph\"><strong>Jhona commence l\u2019impression de T-shirts avec son cousin, Fr\u00e9d\u00e9ric Mendy et d\u00e9pose sa marque \u00abMandjak\u00bb en 2004. Plus tard il cr\u00e9e la marque \u00abOzas 99\u00bb \u2013 \u00ab99\u00bb comme rappel \u00e0 ses origines. Le chiffre correspond au code d\u00e9partement pour les personnes n\u00e9es \u00e0 l\u2019\u00e9tranger. En effet, Jhona n\u00e9 en\u00a0 janvier 1985 \u00e0 Yeumbeul pr\u00e8s de Dakar au S\u00e9n\u00e9gal de parents originaires de Guin\u00e9e-Bissau. Il rejoint Marseille en 1995 par regroupement familial.<\/strong><\/p>\n\n\n\n<div style=\"height:40px\" aria-hidden=\"true\" class=\"wp-block-spacer\"><\/div>\n\n\n\n<div class=\"wp-block-columns is-layout-flex wp-container-core-columns-is-layout-8f761849 wp-block-columns-is-layout-flex\">\n<div class=\"wp-block-column is-layout-flow wp-block-column-is-layout-flow\">\n<figure class=\"wp-block-image size-full\"><img loading=\"lazy\" decoding=\"async\" width=\"619\" height=\"960\" src=\"https:\/\/www.comm-elle.com\/ozas99prod\/wp-content\/uploads\/2018\/04\/mode-street-urbain-style-bandana-ozas-urbanwear-brand-women-africa-senegal.jpg\" alt=\"\" class=\"wp-image-6058\" srcset=\"https:\/\/comm-elle.com\/ozas99prod\/wp-content\/uploads\/2018\/04\/mode-street-urbain-style-bandana-ozas-urbanwear-brand-women-africa-senegal.jpg 619w, https:\/\/comm-elle.com\/ozas99prod\/wp-content\/uploads\/2018\/04\/mode-street-urbain-style-bandana-ozas-urbanwear-brand-women-africa-senegal-380x589.jpg 380w, https:\/\/comm-elle.com\/ozas99prod\/wp-content\/uploads\/2018\/04\/mode-street-urbain-style-bandana-ozas-urbanwear-brand-women-africa-senegal-193x300.jpg 193w, https:\/\/comm-elle.com\/ozas99prod\/wp-content\/uploads\/2018\/04\/mode-street-urbain-style-bandana-ozas-urbanwear-brand-women-africa-senegal-495x768.jpg 495w, https:\/\/comm-elle.com\/ozas99prod\/wp-content\/uploads\/2018\/04\/mode-street-urbain-style-bandana-ozas-urbanwear-brand-women-africa-senegal-570x884.jpg 570w, https:\/\/comm-elle.com\/ozas99prod\/wp-content\/uploads\/2018\/04\/mode-street-urbain-style-bandana-ozas-urbanwear-brand-women-africa-senegal-370x574.jpg 370w, https:\/\/comm-elle.com\/ozas99prod\/wp-content\/uploads\/2018\/04\/mode-street-urbain-style-bandana-ozas-urbanwear-brand-women-africa-senegal-270x419.jpg 270w\" sizes=\"auto, (max-width: 619px) 100vw, 619px\" \/><\/figure>\n<\/div>\n\n\n\n<div class=\"wp-block-column is-layout-flow wp-block-column-is-layout-flow\">\n<figure class=\"wp-block-image size-full\"><img loading=\"lazy\" decoding=\"async\" width=\"684\" height=\"1024\" src=\"https:\/\/www.comm-elle.com\/ozas99prod\/wp-content\/uploads\/2018\/04\/mode-street-urbain-style-bandana-ozas-urbanwear-brand-women.jpg\" alt=\"\" class=\"wp-image-6056\" srcset=\"https:\/\/comm-elle.com\/ozas99prod\/wp-content\/uploads\/2018\/04\/mode-street-urbain-style-bandana-ozas-urbanwear-brand-women.jpg 684w, https:\/\/comm-elle.com\/ozas99prod\/wp-content\/uploads\/2018\/04\/mode-street-urbain-style-bandana-ozas-urbanwear-brand-women-380x569.jpg 380w, https:\/\/comm-elle.com\/ozas99prod\/wp-content\/uploads\/2018\/04\/mode-street-urbain-style-bandana-ozas-urbanwear-brand-women-200x300.jpg 200w, https:\/\/comm-elle.com\/ozas99prod\/wp-content\/uploads\/2018\/04\/mode-street-urbain-style-bandana-ozas-urbanwear-brand-women-513x768.jpg 513w, https:\/\/comm-elle.com\/ozas99prod\/wp-content\/uploads\/2018\/04\/mode-street-urbain-style-bandana-ozas-urbanwear-brand-women-570x853.jpg 570w, https:\/\/comm-elle.com\/ozas99prod\/wp-content\/uploads\/2018\/04\/mode-street-urbain-style-bandana-ozas-urbanwear-brand-women-370x554.jpg 370w, https:\/\/comm-elle.com\/ozas99prod\/wp-content\/uploads\/2018\/04\/mode-street-urbain-style-bandana-ozas-urbanwear-brand-women-270x404.jpg 270w\" sizes=\"auto, (max-width: 684px) 100vw, 684px\" \/><\/figure>\n<\/div>\n\n\n\n<div class=\"wp-block-column is-layout-flow wp-block-column-is-layout-flow\">\n<figure class=\"wp-block-image size-full\"><img loading=\"lazy\" decoding=\"async\" width=\"756\" height=\"640\" src=\"https:\/\/www.comm-elle.com\/ozas99prod\/wp-content\/uploads\/2018\/04\/mode-street-artist-urbain-style-ozas-custom.jpg\" alt=\"\" class=\"wp-image-6035\" srcset=\"https:\/\/comm-elle.com\/ozas99prod\/wp-content\/uploads\/2018\/04\/mode-street-artist-urbain-style-ozas-custom.jpg 756w, https:\/\/comm-elle.com\/ozas99prod\/wp-content\/uploads\/2018\/04\/mode-street-artist-urbain-style-ozas-custom-380x322.jpg 380w, https:\/\/comm-elle.com\/ozas99prod\/wp-content\/uploads\/2018\/04\/mode-street-artist-urbain-style-ozas-custom-300x254.jpg 300w, https:\/\/comm-elle.com\/ozas99prod\/wp-content\/uploads\/2018\/04\/mode-street-artist-urbain-style-ozas-custom-570x483.jpg 570w, https:\/\/comm-elle.com\/ozas99prod\/wp-content\/uploads\/2018\/04\/mode-street-artist-urbain-style-ozas-custom-370x313.jpg 370w, https:\/\/comm-elle.com\/ozas99prod\/wp-content\/uploads\/2018\/04\/mode-street-artist-urbain-style-ozas-custom-270x229.jpg 270w\" sizes=\"auto, (max-width: 756px) 100vw, 756px\" \/><\/figure>\n<\/div>\n<\/div>\n\n\n\n<div style=\"height:40px\" aria-hidden=\"true\" class=\"wp-block-spacer\"><\/div>\n\n\n\n<p class=\"wp-block-paragraph\">En 2008, une double reconnaissance lui permettra de d\u00e9marrer son activit\u00e9. Il est laur\u00e9at de \u2018Talents des cit\u00e9s 2008\u2019, cat\u00e9gorie Emergence, et du concours r\u00e9gional \u2018Envie d\u2019agir\u2019. Il monte un projet avec un ami styliste, Franky Tranchot.&nbsp;<em>\u2018L\u2019id\u00e9e \u00e9tait de m\u00e9langer nos deux savoir-faire<\/em>\u2018 nous dit-il. Il d\u00e9cide de suivre une formation de couture, autour du patronage et du mod\u00e9lisme afin de conna\u00eetre les bases du m\u00e9tier de styliste.<\/p>\n\n\n\n<p class=\"wp-block-paragraph\">Jhona travaille avec des stylos encreurs ou des pinceaux,&nbsp;<em>\u2018je peux aussi travailler \u00e0 la bombe ou l\u2019a\u00e9rographe\u2019<\/em>. Il aime les couleurs vives, claires. Il fait du sur-mesure, ses potes viennent avec des id\u00e9es, lui les r\u00e9alise. Ou&nbsp;<em>\u2018Je leur montre mon book et je leur fais une proposition\u2019<\/em>&nbsp;pr\u00e9cise le jeune cr\u00e9ateur.&nbsp;Dans son capharna\u00fcm, tous les textiles et autres accessoires de mode se c\u00f4toient : pantalons, T-shirts, casquettes, lunettes\u2026 Parfois, Jack se r\u00e9fugie dans la cr\u00e9ation pure. A l\u2019aide de bombes de peinture ou de peinture acrylique, il r\u00e9alise des portraits \u00e0 partir de photos sur des tableaux.<\/p>\n\n\n\n<p class=\"wp-block-paragraph\">Il inaugure en janvier 2009 sa premi\u00e8re boutique dans la ruelle de l\u2019Arc, dans le 1er arrt de Marseille, puis s\u2019installe successivement dans des boutiques \u00e9ph\u00e9m\u00e8res, dans le centre commercial Grand littoral et rue Vacon. Des connexions sont d\u00e9j\u00e0 \u00e9tablies avec des boutiques de diff\u00e9rentes villes, Paris, Strasbourg, Mulhouse, Bordeaux, Toulon, Nantes, Montpellier. Il r\u00eave de pouvoir diffuser sa marque plus largement dans l\u2019hexagone. Il cr\u00e9e des collections de T-shirts s\u00e9rigraphi\u00e9s pour enfants, femmes et hommes.<\/p>\n\n\n\n<div style=\"height:40px\" aria-hidden=\"true\" class=\"wp-block-spacer\"><\/div>\n\n\n\n<div class=\"wp-block-columns is-layout-flex wp-container-core-columns-is-layout-8f761849 wp-block-columns-is-layout-flex\">\n<div class=\"wp-block-column is-layout-flow wp-block-column-is-layout-flow\">\n<figure class=\"wp-block-image size-full\"><img loading=\"lazy\" decoding=\"async\" width=\"683\" height=\"1024\" src=\"https:\/\/www.comm-elle.com\/ozas99prod\/wp-content\/uploads\/2018\/04\/mode-homme-urbain-street-style-ozas-mode.jpg\" alt=\"\" class=\"wp-image-6049\" srcset=\"https:\/\/comm-elle.com\/ozas99prod\/wp-content\/uploads\/2018\/04\/mode-homme-urbain-street-style-ozas-mode.jpg 683w, https:\/\/comm-elle.com\/ozas99prod\/wp-content\/uploads\/2018\/04\/mode-homme-urbain-street-style-ozas-mode-380x570.jpg 380w, https:\/\/comm-elle.com\/ozas99prod\/wp-content\/uploads\/2018\/04\/mode-homme-urbain-street-style-ozas-mode-200x300.jpg 200w, https:\/\/comm-elle.com\/ozas99prod\/wp-content\/uploads\/2018\/04\/mode-homme-urbain-street-style-ozas-mode-512x768.jpg 512w, https:\/\/comm-elle.com\/ozas99prod\/wp-content\/uploads\/2018\/04\/mode-homme-urbain-street-style-ozas-mode-570x855.jpg 570w, https:\/\/comm-elle.com\/ozas99prod\/wp-content\/uploads\/2018\/04\/mode-homme-urbain-street-style-ozas-mode-370x555.jpg 370w, https:\/\/comm-elle.com\/ozas99prod\/wp-content\/uploads\/2018\/04\/mode-homme-urbain-street-style-ozas-mode-270x405.jpg 270w\" sizes=\"auto, (max-width: 683px) 100vw, 683px\" \/><\/figure>\n<\/div>\n\n\n\n<div class=\"wp-block-column is-layout-flow wp-block-column-is-layout-flow\">\n<figure class=\"wp-block-image size-full\"><img loading=\"lazy\" decoding=\"async\" width=\"683\" height=\"1024\" src=\"https:\/\/www.comm-elle.com\/ozas99prod\/wp-content\/uploads\/2018\/04\/mode-enfant-urbain-street-style-ozas-mode-3.jpg\" alt=\"\" class=\"wp-image-6040\" srcset=\"https:\/\/comm-elle.com\/ozas99prod\/wp-content\/uploads\/2018\/04\/mode-enfant-urbain-street-style-ozas-mode-3.jpg 683w, https:\/\/comm-elle.com\/ozas99prod\/wp-content\/uploads\/2018\/04\/mode-enfant-urbain-street-style-ozas-mode-3-380x570.jpg 380w, https:\/\/comm-elle.com\/ozas99prod\/wp-content\/uploads\/2018\/04\/mode-enfant-urbain-street-style-ozas-mode-3-200x300.jpg 200w, https:\/\/comm-elle.com\/ozas99prod\/wp-content\/uploads\/2018\/04\/mode-enfant-urbain-street-style-ozas-mode-3-512x768.jpg 512w, https:\/\/comm-elle.com\/ozas99prod\/wp-content\/uploads\/2018\/04\/mode-enfant-urbain-street-style-ozas-mode-3-570x855.jpg 570w, https:\/\/comm-elle.com\/ozas99prod\/wp-content\/uploads\/2018\/04\/mode-enfant-urbain-street-style-ozas-mode-3-370x555.jpg 370w, https:\/\/comm-elle.com\/ozas99prod\/wp-content\/uploads\/2018\/04\/mode-enfant-urbain-street-style-ozas-mode-3-270x405.jpg 270w\" sizes=\"auto, (max-width: 683px) 100vw, 683px\" \/><\/figure>\n<\/div>\n\n\n\n<div class=\"wp-block-column is-layout-flow wp-block-column-is-layout-flow\">\n<figure class=\"wp-block-image size-full\"><img loading=\"lazy\" decoding=\"async\" width=\"683\" height=\"1024\" src=\"https:\/\/www.comm-elle.com\/ozas99prod\/wp-content\/uploads\/2018\/04\/mode-femme-urbain-street-sexy-ozas-3.jpg\" alt=\"\" class=\"wp-image-6044\" srcset=\"https:\/\/comm-elle.com\/ozas99prod\/wp-content\/uploads\/2018\/04\/mode-femme-urbain-street-sexy-ozas-3.jpg 683w, https:\/\/comm-elle.com\/ozas99prod\/wp-content\/uploads\/2018\/04\/mode-femme-urbain-street-sexy-ozas-3-380x570.jpg 380w, https:\/\/comm-elle.com\/ozas99prod\/wp-content\/uploads\/2018\/04\/mode-femme-urbain-street-sexy-ozas-3-200x300.jpg 200w, https:\/\/comm-elle.com\/ozas99prod\/wp-content\/uploads\/2018\/04\/mode-femme-urbain-street-sexy-ozas-3-512x768.jpg 512w, https:\/\/comm-elle.com\/ozas99prod\/wp-content\/uploads\/2018\/04\/mode-femme-urbain-street-sexy-ozas-3-570x855.jpg 570w, https:\/\/comm-elle.com\/ozas99prod\/wp-content\/uploads\/2018\/04\/mode-femme-urbain-street-sexy-ozas-3-370x555.jpg 370w, https:\/\/comm-elle.com\/ozas99prod\/wp-content\/uploads\/2018\/04\/mode-femme-urbain-street-sexy-ozas-3-270x405.jpg 270w\" sizes=\"auto, (max-width: 683px) 100vw, 683px\" \/><\/figure>\n<\/div>\n<\/div>\n\n\n\n<div style=\"height:40px\" aria-hidden=\"true\" class=\"wp-block-spacer\"><\/div>\n\n\n\n<p class=\"wp-block-paragraph\">Simple et \u00e0 l\u2019\u00e9coute, Jhona est encore tout \u00e9tonn\u00e9 de son parcours, il poursuit son itin\u00e9raire de cr\u00e9ateur d\u2019entreprise sans prendre la&nbsp;<em>\u2018grosse t\u00eate\u2019<\/em>. &nbsp;Le gar\u00e7on n\u2019a pas oubli\u00e9 les gens de son quartier,<em>&nbsp;\u2018je suis pr\u00eat \u00e0 les aider. On devrait essayer de faire preuve de plus de solidarit\u00e9, de s\u2019entraider, d\u2019arr\u00eater d\u2019\u00eatre \u00e9go\u00efstes\u2019<\/em>. Ce \u2018Talent des Cit\u00e9s\u2019 a aussi des valeurs humaines.&nbsp;Actuellement, en pleine expansion, la marque, aux valeurs traditionnelle et moderne, s\u2019implique notamment aupr\u00e8s des artistes&nbsp;qui savent m\u00e9langer la qualit\u00e9 et l\u2019originalit\u00e9.<\/p>\n\n\n\n<p class=\"wp-block-paragraph\">L\u2019artiste est engag\u00e9. \u00a0Il milite dans les mouvements d\u2019\u00e9mancipation comme par exemple aupr\u00e8s du\u00a0Collectif PACA pour la m\u00e9moire de l\u2019esclavage\u00a0pour lequel il r\u00e9alise chaque ann\u00e9e une fresque \u00e0 l\u2019occasion de la comm\u00e9moration du 10 mai.<\/p>\n\n\n\n<p class=\"wp-block-paragraph\"><\/p>\n\n\n\n<div style=\"height:40px\" aria-hidden=\"true\" class=\"wp-block-spacer\"><\/div>\n\n\n\n<div class=\"wp-block-columns is-layout-flex wp-container-core-columns-is-layout-8f761849 wp-block-columns-is-layout-flex\">\n<div class=\"wp-block-column is-layout-flow wp-block-column-is-layout-flow\">\n<figure class=\"wp-block-image size-full\"><img loading=\"lazy\" decoding=\"async\" width=\"683\" height=\"1024\" src=\"https:\/\/www.comm-elle.com\/ozas99prod\/wp-content\/uploads\/2018\/04\/mode-homme-urbain-street-style-ozas-mode-5.jpg\" alt=\"\" class=\"wp-image-6053\" srcset=\"https:\/\/comm-elle.com\/ozas99prod\/wp-content\/uploads\/2018\/04\/mode-homme-urbain-street-style-ozas-mode-5.jpg 683w, https:\/\/comm-elle.com\/ozas99prod\/wp-content\/uploads\/2018\/04\/mode-homme-urbain-street-style-ozas-mode-5-380x570.jpg 380w, https:\/\/comm-elle.com\/ozas99prod\/wp-content\/uploads\/2018\/04\/mode-homme-urbain-street-style-ozas-mode-5-200x300.jpg 200w, https:\/\/comm-elle.com\/ozas99prod\/wp-content\/uploads\/2018\/04\/mode-homme-urbain-street-style-ozas-mode-5-512x768.jpg 512w, https:\/\/comm-elle.com\/ozas99prod\/wp-content\/uploads\/2018\/04\/mode-homme-urbain-street-style-ozas-mode-5-570x855.jpg 570w, https:\/\/comm-elle.com\/ozas99prod\/wp-content\/uploads\/2018\/04\/mode-homme-urbain-street-style-ozas-mode-5-370x555.jpg 370w, https:\/\/comm-elle.com\/ozas99prod\/wp-content\/uploads\/2018\/04\/mode-homme-urbain-street-style-ozas-mode-5-270x405.jpg 270w\" sizes=\"auto, (max-width: 683px) 100vw, 683px\" \/><\/figure>\n<\/div>\n\n\n\n<div class=\"wp-block-column is-layout-flow wp-block-column-is-layout-flow\">\n<figure class=\"wp-block-image size-full\"><img loading=\"lazy\" decoding=\"async\" width=\"674\" height=\"1024\" src=\"https:\/\/www.comm-elle.com\/ozas99prod\/wp-content\/uploads\/2018\/04\/mode-street-artist-urbain-style-ozas.jpg\" alt=\"\" class=\"wp-image-6054\" srcset=\"https:\/\/comm-elle.com\/ozas99prod\/wp-content\/uploads\/2018\/04\/mode-street-artist-urbain-style-ozas.jpg 674w, https:\/\/comm-elle.com\/ozas99prod\/wp-content\/uploads\/2018\/04\/mode-street-artist-urbain-style-ozas-380x577.jpg 380w, https:\/\/comm-elle.com\/ozas99prod\/wp-content\/uploads\/2018\/04\/mode-street-artist-urbain-style-ozas-197x300.jpg 197w, https:\/\/comm-elle.com\/ozas99prod\/wp-content\/uploads\/2018\/04\/mode-street-artist-urbain-style-ozas-506x768.jpg 506w, https:\/\/comm-elle.com\/ozas99prod\/wp-content\/uploads\/2018\/04\/mode-street-artist-urbain-style-ozas-570x866.jpg 570w, https:\/\/comm-elle.com\/ozas99prod\/wp-content\/uploads\/2018\/04\/mode-street-artist-urbain-style-ozas-370x562.jpg 370w, https:\/\/comm-elle.com\/ozas99prod\/wp-content\/uploads\/2018\/04\/mode-street-artist-urbain-style-ozas-270x410.jpg 270w\" sizes=\"auto, (max-width: 674px) 100vw, 674px\" \/><\/figure>\n<\/div>\n\n\n\n<div class=\"wp-block-column is-layout-flow wp-block-column-is-layout-flow\">\n<figure class=\"wp-block-image size-full\"><img loading=\"lazy\" decoding=\"async\" width=\"683\" height=\"1024\" src=\"https:\/\/www.comm-elle.com\/ozas99prod\/wp-content\/uploads\/2018\/04\/mode-homme-urbain-street-style-ozas-mode-3.jpg\" alt=\"\" class=\"wp-image-6051\" srcset=\"https:\/\/comm-elle.com\/ozas99prod\/wp-content\/uploads\/2018\/04\/mode-homme-urbain-street-style-ozas-mode-3.jpg 683w, https:\/\/comm-elle.com\/ozas99prod\/wp-content\/uploads\/2018\/04\/mode-homme-urbain-street-style-ozas-mode-3-380x570.jpg 380w, https:\/\/comm-elle.com\/ozas99prod\/wp-content\/uploads\/2018\/04\/mode-homme-urbain-street-style-ozas-mode-3-200x300.jpg 200w, https:\/\/comm-elle.com\/ozas99prod\/wp-content\/uploads\/2018\/04\/mode-homme-urbain-street-style-ozas-mode-3-512x768.jpg 512w, https:\/\/comm-elle.com\/ozas99prod\/wp-content\/uploads\/2018\/04\/mode-homme-urbain-street-style-ozas-mode-3-570x855.jpg 570w, https:\/\/comm-elle.com\/ozas99prod\/wp-content\/uploads\/2018\/04\/mode-homme-urbain-street-style-ozas-mode-3-370x555.jpg 370w, https:\/\/comm-elle.com\/ozas99prod\/wp-content\/uploads\/2018\/04\/mode-homme-urbain-street-style-ozas-mode-3-270x405.jpg 270w\" sizes=\"auto, (max-width: 683px) 100vw, 683px\" \/><\/figure>\n<\/div>\n<\/div>\n\n\n\n<div style=\"height:40px\" aria-hidden=\"true\" class=\"wp-block-spacer\"><\/div>\n\n\n\n<p class=\"wp-block-paragraph\"><strong>L\u2019univers OZAS99PROD<\/strong><\/p>\n\n\n\n<p class=\"wp-block-paragraph\"><em>\u2018Au 8 de la rue de l\u2019Arc, au c\u0153ur du quartier de Noailles, une boutique existe depuis une dizaine d\u2019ann\u00e9e. Le gardien des lieux : Jhona Jack Vaz. Le jeune cr\u00e9ateur r\u00e9alise des personnalisations sur tous les textiles et multiples supports.&nbsp; Sur le trottoir, un \u00e9tal r\u00e9unit ses mat\u00e9riaux : pinceaux, stylos encreurs, pots de peinture, bombes de peinture\u2026 La porte de l\u2019\u00e9choppe est entrouverte. Lorsque on&nbsp;franchit le seuil, Jhona n\u2019est pas tout seul. Un pote est pass\u00e9 avec sa nouvelle casquette : entre les mains expertes de Jack, l\u2019accessoire change d\u2019image quelques instants plus tard. Flocage, s\u00e9rigraphie, cr\u00e9ation de logo : le jeune Vaz est l\u2019homme de la situation. Jhona est tout sourire, il fait ce qu\u2019il lui pla\u00eet, \u00ab tout ce qui \u00e9tait en rapport au dessin, j\u2019aimais bien \u00bb. Discret, timide, le cr\u00e9ateur de \u00ab 99 prod \u00bb n\u2019ose se raconter.<\/em><br><em>Apr\u00e8s un CAP de s\u00e9rigraphie, passionn\u00e9, il choisit de donner un sens artistique \u00e0 son futur job. Toujours \u00e0 Marseille, il passe ensuite un bac pro Imprimerie au lyc\u00e9e L\u00e9onard de Vinci, dipl\u00f4me compl\u00e9t\u00e9 par une formation en a\u00e9rographie. La boucle est boucl\u00e9e\u2019<\/em><\/p>\n\n\n\n<p class=\"wp-block-paragraph\">&nbsp;article &nbsp;by&nbsp;&nbsp;<a href=\"https:\/\/www.facebook.com\/paulina.white1\" target=\"_blank\" rel=\"noreferrer noopener\">Paulina White<\/a><\/p>\n\n\n\n<p class=\"wp-block-paragraph\"><\/p>\n\n\n\n<p class=\"wp-block-paragraph\"><\/p>\n","protected":false},"excerpt":{"rendered":"<p>Jhona commence l\u2019impression de T-shirts avec son cousin, Fr\u00e9d\u00e9ric Mendy et d\u00e9pose sa marque \u00abMandjak\u00bb en 2004. Plus tard il<\/p>\n","protected":false},"author":2,"featured_media":5710,"comment_status":"closed","ping_status":"open","sticky":false,"template":"","format":"standard","meta":{"footnotes":""},"categories":[485,998,389],"tags":[],"class_list":["post-7861","post","type-post","status-publish","format-standard","has-post-thumbnail","hentry","category-fmd","category-home-page","category-jhona"],"yoast_head":"<!-- This site is optimized with the Yoast SEO plugin v28.2 - https:\/\/yoast.com\/product\/yoast-seo-wordpress\/ -->\n<title>Jhona Vaz - OZAS99PROD<\/title>\n<meta name=\"description\" content=\"Jhona commence l\u2019impression de T-shirts avec son cousin, Fr\u00e9d\u00e9ric Mendy et d\u00e9pose sa marque \u00ab Mandjak \u00bb en 2004\" \/>\n<meta name=\"robots\" content=\"noindex, follow, max-snippet:-1, max-image-preview:large, max-video-preview:-1\" \/>\n<meta property=\"og:locale\" content=\"fr_FR\" \/>\n<meta property=\"og:type\" content=\"article\" \/>\n<meta property=\"og:title\" content=\"Jhona Vaz - OZAS99PROD\" \/>\n<meta property=\"og:description\" content=\"Jhona commence l\u2019impression de T-shirts avec son cousin, Fr\u00e9d\u00e9ric Mendy et d\u00e9pose sa marque \u00ab Mandjak \u00bb en 2004\" \/>\n<meta property=\"og:url\" content=\"https:\/\/comm-elle.com\/ozas99prod\/jhona\/\" \/>\n<meta property=\"og:site_name\" content=\"OZAS99PROD\" \/>\n<meta property=\"article:publisher\" content=\"https:\/\/www.facebook.com\/Ozas99prod\/\" \/>\n<meta property=\"article:published_time\" content=\"2021-02-08T17:18:16+00:00\" \/>\n<meta property=\"article:modified_time\" content=\"2022-05-23T05:08:54+00:00\" \/>\n<meta property=\"og:image\" content=\"https:\/\/comm-elle.com\/ozas99prod\/wp-content\/uploads\/2018\/03\/ozas-99-prod-marque-urbanwear-mode-jhona-jack-mandjack-photo-Damien-Chamcirkan-e1594903030698.jpg\" \/>\n\t<meta property=\"og:image:width\" content=\"923\" \/>\n\t<meta property=\"og:image:height\" content=\"480\" \/>\n\t<meta property=\"og:image:type\" content=\"image\/jpeg\" \/>\n<meta name=\"author\" content=\"jhona\" \/>\n<meta name=\"twitter:card\" content=\"summary_large_image\" \/>\n<meta name=\"twitter:label1\" content=\"\u00c9crit par\" \/>\n\t<meta name=\"twitter:data1\" content=\"jhona\" \/>\n\t<meta name=\"twitter:label2\" content=\"Dur\u00e9e de lecture estim\u00e9e\" \/>\n\t<meta name=\"twitter:data2\" content=\"5 minutes\" \/>\n<script type=\"application\/ld+json\" class=\"yoast-schema-graph\">{\"@context\":\"https:\\\/\\\/schema.org\",\"@graph\":[{\"@type\":\"Article\",\"@id\":\"https:\\\/\\\/comm-elle.com\\\/ozas99prod\\\/jhona\\\/#article\",\"isPartOf\":{\"@id\":\"https:\\\/\\\/comm-elle.com\\\/ozas99prod\\\/jhona\\\/\"},\"author\":{\"name\":\"jhona\",\"@id\":\"https:\\\/\\\/comm-elle.com\\\/ozas99prod\\\/#\\\/schema\\\/person\\\/a9b924f89ce001321eb90e88b58e26d4\"},\"headline\":\"Jhona Vaz\",\"datePublished\":\"2021-02-08T17:18:16+00:00\",\"dateModified\":\"2022-05-23T05:08:54+00:00\",\"mainEntityOfPage\":{\"@id\":\"https:\\\/\\\/comm-elle.com\\\/ozas99prod\\\/jhona\\\/\"},\"wordCount\":727,\"publisher\":{\"@id\":\"https:\\\/\\\/comm-elle.com\\\/ozas99prod\\\/#organization\"},\"image\":{\"@id\":\"https:\\\/\\\/comm-elle.com\\\/ozas99prod\\\/jhona\\\/#primaryimage\"},\"thumbnailUrl\":\"https:\\\/\\\/comm-elle.com\\\/ozas99prod\\\/wp-content\\\/uploads\\\/2018\\\/03\\\/ozas-99-prod-marque-urbanwear-mode-jhona-jack-mandjack-photo-Damien-Chamcirkan-e1594903030698.jpg\",\"articleSection\":[\"FAIS MOI DECOUVRIR\",\"home-page\",\"Jhona\"],\"inLanguage\":\"fr-FR\"},{\"@type\":\"WebPage\",\"@id\":\"https:\\\/\\\/comm-elle.com\\\/ozas99prod\\\/jhona\\\/\",\"url\":\"https:\\\/\\\/comm-elle.com\\\/ozas99prod\\\/jhona\\\/\",\"name\":\"Jhona Vaz - OZAS99PROD\",\"isPartOf\":{\"@id\":\"https:\\\/\\\/comm-elle.com\\\/ozas99prod\\\/#website\"},\"primaryImageOfPage\":{\"@id\":\"https:\\\/\\\/comm-elle.com\\\/ozas99prod\\\/jhona\\\/#primaryimage\"},\"image\":{\"@id\":\"https:\\\/\\\/comm-elle.com\\\/ozas99prod\\\/jhona\\\/#primaryimage\"},\"thumbnailUrl\":\"https:\\\/\\\/comm-elle.com\\\/ozas99prod\\\/wp-content\\\/uploads\\\/2018\\\/03\\\/ozas-99-prod-marque-urbanwear-mode-jhona-jack-mandjack-photo-Damien-Chamcirkan-e1594903030698.jpg\",\"datePublished\":\"2021-02-08T17:18:16+00:00\",\"dateModified\":\"2022-05-23T05:08:54+00:00\",\"description\":\"Jhona commence l\u2019impression de T-shirts avec son cousin, Fr\u00e9d\u00e9ric Mendy et d\u00e9pose sa marque \u00ab Mandjak \u00bb en 2004\",\"breadcrumb\":{\"@id\":\"https:\\\/\\\/comm-elle.com\\\/ozas99prod\\\/jhona\\\/#breadcrumb\"},\"inLanguage\":\"fr-FR\",\"potentialAction\":[{\"@type\":\"ReadAction\",\"target\":[\"https:\\\/\\\/comm-elle.com\\\/ozas99prod\\\/jhona\\\/\"]}]},{\"@type\":\"ImageObject\",\"inLanguage\":\"fr-FR\",\"@id\":\"https:\\\/\\\/comm-elle.com\\\/ozas99prod\\\/jhona\\\/#primaryimage\",\"url\":\"https:\\\/\\\/comm-elle.com\\\/ozas99prod\\\/wp-content\\\/uploads\\\/2018\\\/03\\\/ozas-99-prod-marque-urbanwear-mode-jhona-jack-mandjack-photo-Damien-Chamcirkan-e1594903030698.jpg\",\"contentUrl\":\"https:\\\/\\\/comm-elle.com\\\/ozas99prod\\\/wp-content\\\/uploads\\\/2018\\\/03\\\/ozas-99-prod-marque-urbanwear-mode-jhona-jack-mandjack-photo-Damien-Chamcirkan-e1594903030698.jpg\",\"width\":923,\"height\":480},{\"@type\":\"BreadcrumbList\",\"@id\":\"https:\\\/\\\/comm-elle.com\\\/ozas99prod\\\/jhona\\\/#breadcrumb\",\"itemListElement\":[{\"@type\":\"ListItem\",\"position\":1,\"name\":\"Accueil\",\"item\":\"https:\\\/\\\/comm-elle.com\\\/ozas99prod\\\/\"},{\"@type\":\"ListItem\",\"position\":2,\"name\":\"Jhona Vaz\"}]},{\"@type\":\"WebSite\",\"@id\":\"https:\\\/\\\/comm-elle.com\\\/ozas99prod\\\/#website\",\"url\":\"https:\\\/\\\/comm-elle.com\\\/ozas99prod\\\/\",\"name\":\"OZAS99PROD\",\"description\":\"LA BOUTIQUE\",\"publisher\":{\"@id\":\"https:\\\/\\\/comm-elle.com\\\/ozas99prod\\\/#organization\"},\"potentialAction\":[{\"@type\":\"SearchAction\",\"target\":{\"@type\":\"EntryPoint\",\"urlTemplate\":\"https:\\\/\\\/comm-elle.com\\\/ozas99prod\\\/?s={search_term_string}\"},\"query-input\":{\"@type\":\"PropertyValueSpecification\",\"valueRequired\":true,\"valueName\":\"search_term_string\"}}],\"inLanguage\":\"fr-FR\"},{\"@type\":\"Organization\",\"@id\":\"https:\\\/\\\/comm-elle.com\\\/ozas99prod\\\/#organization\",\"name\":\"OZAS99PROD\",\"url\":\"https:\\\/\\\/comm-elle.com\\\/ozas99prod\\\/\",\"logo\":{\"@type\":\"ImageObject\",\"inLanguage\":\"fr-FR\",\"@id\":\"https:\\\/\\\/comm-elle.com\\\/ozas99prod\\\/#\\\/schema\\\/logo\\\/image\\\/\",\"url\":\"https:\\\/\\\/ozas99prod.com\\\/wp-content\\\/uploads\\\/2022\\\/04\\\/ozas-neo-vecto.jpg\",\"contentUrl\":\"https:\\\/\\\/ozas99prod.com\\\/wp-content\\\/uploads\\\/2022\\\/04\\\/ozas-neo-vecto.jpg\",\"width\":548,\"height\":283,\"caption\":\"OZAS99PROD\"},\"image\":{\"@id\":\"https:\\\/\\\/comm-elle.com\\\/ozas99prod\\\/#\\\/schema\\\/logo\\\/image\\\/\"},\"sameAs\":[\"https:\\\/\\\/www.facebook.com\\\/Ozas99prod\\\/\",\"https:\\\/\\\/www.instagram.com\\\/ozas99prod\\\/\"]},{\"@type\":\"Person\",\"@id\":\"https:\\\/\\\/comm-elle.com\\\/ozas99prod\\\/#\\\/schema\\\/person\\\/a9b924f89ce001321eb90e88b58e26d4\",\"name\":\"jhona\",\"image\":{\"@type\":\"ImageObject\",\"inLanguage\":\"fr-FR\",\"@id\":\"https:\\\/\\\/secure.gravatar.com\\\/avatar\\\/202cab00a82f16635dcd105b5ea580dbd304bc38cb94b1dac18fb68e940df9a9?s=96&d=https%3A%2F%2Fozas99prod.com%2Fwp-content%2Fuploads%2F2020%2F09%2Fgravatar.png&r=g\",\"url\":\"https:\\\/\\\/secure.gravatar.com\\\/avatar\\\/202cab00a82f16635dcd105b5ea580dbd304bc38cb94b1dac18fb68e940df9a9?s=96&d=https%3A%2F%2Fozas99prod.com%2Fwp-content%2Fuploads%2F2020%2F09%2Fgravatar.png&r=g\",\"contentUrl\":\"https:\\\/\\\/secure.gravatar.com\\\/avatar\\\/202cab00a82f16635dcd105b5ea580dbd304bc38cb94b1dac18fb68e940df9a9?s=96&d=https%3A%2F%2Fozas99prod.com%2Fwp-content%2Fuploads%2F2020%2F09%2Fgravatar.png&r=g\",\"caption\":\"jhona\"},\"url\":\"https:\\\/\\\/comm-elle.com\\\/ozas99prod\\\/author\\\/jhona-2-2-2-2-2-2-2-2-2-2-2-2-2-2-2-2-2-2\\\/\"}]}<\/script>\n<!-- \/ Yoast SEO plugin. -->","yoast_head_json":{"title":"Jhona Vaz - OZAS99PROD","description":"Jhona commence l\u2019impression de T-shirts avec son cousin, Fr\u00e9d\u00e9ric Mendy et d\u00e9pose sa marque \u00ab Mandjak \u00bb en 2004","robots":{"index":"noindex","follow":"follow","max-snippet":"max-snippet:-1","max-image-preview":"max-image-preview:large","max-video-preview":"max-video-preview:-1"},"og_locale":"fr_FR","og_type":"article","og_title":"Jhona Vaz - OZAS99PROD","og_description":"Jhona commence l\u2019impression de T-shirts avec son cousin, Fr\u00e9d\u00e9ric Mendy et d\u00e9pose sa marque \u00ab Mandjak \u00bb en 2004","og_url":"https:\/\/comm-elle.com\/ozas99prod\/jhona\/","og_site_name":"OZAS99PROD","article_publisher":"https:\/\/www.facebook.com\/Ozas99prod\/","article_published_time":"2021-02-08T17:18:16+00:00","article_modified_time":"2022-05-23T05:08:54+00:00","og_image":[{"width":923,"height":480,"url":"https:\/\/comm-elle.com\/ozas99prod\/wp-content\/uploads\/2018\/03\/ozas-99-prod-marque-urbanwear-mode-jhona-jack-mandjack-photo-Damien-Chamcirkan-e1594903030698.jpg","type":"image\/jpeg"}],"author":"jhona","twitter_card":"summary_large_image","twitter_misc":{"\u00c9crit par":"jhona","Dur\u00e9e de lecture estim\u00e9e":"5 minutes"},"schema":{"@context":"https:\/\/schema.org","@graph":[{"@type":"Article","@id":"https:\/\/comm-elle.com\/ozas99prod\/jhona\/#article","isPartOf":{"@id":"https:\/\/comm-elle.com\/ozas99prod\/jhona\/"},"author":{"name":"jhona","@id":"https:\/\/comm-elle.com\/ozas99prod\/#\/schema\/person\/a9b924f89ce001321eb90e88b58e26d4"},"headline":"Jhona Vaz","datePublished":"2021-02-08T17:18:16+00:00","dateModified":"2022-05-23T05:08:54+00:00","mainEntityOfPage":{"@id":"https:\/\/comm-elle.com\/ozas99prod\/jhona\/"},"wordCount":727,"publisher":{"@id":"https:\/\/comm-elle.com\/ozas99prod\/#organization"},"image":{"@id":"https:\/\/comm-elle.com\/ozas99prod\/jhona\/#primaryimage"},"thumbnailUrl":"https:\/\/comm-elle.com\/ozas99prod\/wp-content\/uploads\/2018\/03\/ozas-99-prod-marque-urbanwear-mode-jhona-jack-mandjack-photo-Damien-Chamcirkan-e1594903030698.jpg","articleSection":["FAIS MOI DECOUVRIR","home-page","Jhona"],"inLanguage":"fr-FR"},{"@type":"WebPage","@id":"https:\/\/comm-elle.com\/ozas99prod\/jhona\/","url":"https:\/\/comm-elle.com\/ozas99prod\/jhona\/","name":"Jhona Vaz - OZAS99PROD","isPartOf":{"@id":"https:\/\/comm-elle.com\/ozas99prod\/#website"},"primaryImageOfPage":{"@id":"https:\/\/comm-elle.com\/ozas99prod\/jhona\/#primaryimage"},"image":{"@id":"https:\/\/comm-elle.com\/ozas99prod\/jhona\/#primaryimage"},"thumbnailUrl":"https:\/\/comm-elle.com\/ozas99prod\/wp-content\/uploads\/2018\/03\/ozas-99-prod-marque-urbanwear-mode-jhona-jack-mandjack-photo-Damien-Chamcirkan-e1594903030698.jpg","datePublished":"2021-02-08T17:18:16+00:00","dateModified":"2022-05-23T05:08:54+00:00","description":"Jhona commence l\u2019impression de T-shirts avec son cousin, Fr\u00e9d\u00e9ric Mendy et d\u00e9pose sa marque \u00ab Mandjak \u00bb en 2004","breadcrumb":{"@id":"https:\/\/comm-elle.com\/ozas99prod\/jhona\/#breadcrumb"},"inLanguage":"fr-FR","potentialAction":[{"@type":"ReadAction","target":["https:\/\/comm-elle.com\/ozas99prod\/jhona\/"]}]},{"@type":"ImageObject","inLanguage":"fr-FR","@id":"https:\/\/comm-elle.com\/ozas99prod\/jhona\/#primaryimage","url":"https:\/\/comm-elle.com\/ozas99prod\/wp-content\/uploads\/2018\/03\/ozas-99-prod-marque-urbanwear-mode-jhona-jack-mandjack-photo-Damien-Chamcirkan-e1594903030698.jpg","contentUrl":"https:\/\/comm-elle.com\/ozas99prod\/wp-content\/uploads\/2018\/03\/ozas-99-prod-marque-urbanwear-mode-jhona-jack-mandjack-photo-Damien-Chamcirkan-e1594903030698.jpg","width":923,"height":480},{"@type":"BreadcrumbList","@id":"https:\/\/comm-elle.com\/ozas99prod\/jhona\/#breadcrumb","itemListElement":[{"@type":"ListItem","position":1,"name":"Accueil","item":"https:\/\/comm-elle.com\/ozas99prod\/"},{"@type":"ListItem","position":2,"name":"Jhona Vaz"}]},{"@type":"WebSite","@id":"https:\/\/comm-elle.com\/ozas99prod\/#website","url":"https:\/\/comm-elle.com\/ozas99prod\/","name":"OZAS99PROD","description":"LA BOUTIQUE","publisher":{"@id":"https:\/\/comm-elle.com\/ozas99prod\/#organization"},"potentialAction":[{"@type":"SearchAction","target":{"@type":"EntryPoint","urlTemplate":"https:\/\/comm-elle.com\/ozas99prod\/?s={search_term_string}"},"query-input":{"@type":"PropertyValueSpecification","valueRequired":true,"valueName":"search_term_string"}}],"inLanguage":"fr-FR"},{"@type":"Organization","@id":"https:\/\/comm-elle.com\/ozas99prod\/#organization","name":"OZAS99PROD","url":"https:\/\/comm-elle.com\/ozas99prod\/","logo":{"@type":"ImageObject","inLanguage":"fr-FR","@id":"https:\/\/comm-elle.com\/ozas99prod\/#\/schema\/logo\/image\/","url":"https:\/\/ozas99prod.com\/wp-content\/uploads\/2022\/04\/ozas-neo-vecto.jpg","contentUrl":"https:\/\/ozas99prod.com\/wp-content\/uploads\/2022\/04\/ozas-neo-vecto.jpg","width":548,"height":283,"caption":"OZAS99PROD"},"image":{"@id":"https:\/\/comm-elle.com\/ozas99prod\/#\/schema\/logo\/image\/"},"sameAs":["https:\/\/www.facebook.com\/Ozas99prod\/","https:\/\/www.instagram.com\/ozas99prod\/"]},{"@type":"Person","@id":"https:\/\/comm-elle.com\/ozas99prod\/#\/schema\/person\/a9b924f89ce001321eb90e88b58e26d4","name":"jhona","image":{"@type":"ImageObject","inLanguage":"fr-FR","@id":"https:\/\/secure.gravatar.com\/avatar\/202cab00a82f16635dcd105b5ea580dbd304bc38cb94b1dac18fb68e940df9a9?s=96&d=https%3A%2F%2Fozas99prod.com%2Fwp-content%2Fuploads%2F2020%2F09%2Fgravatar.png&r=g","url":"https:\/\/secure.gravatar.com\/avatar\/202cab00a82f16635dcd105b5ea580dbd304bc38cb94b1dac18fb68e940df9a9?s=96&d=https%3A%2F%2Fozas99prod.com%2Fwp-content%2Fuploads%2F2020%2F09%2Fgravatar.png&r=g","contentUrl":"https:\/\/secure.gravatar.com\/avatar\/202cab00a82f16635dcd105b5ea580dbd304bc38cb94b1dac18fb68e940df9a9?s=96&d=https%3A%2F%2Fozas99prod.com%2Fwp-content%2Fuploads%2F2020%2F09%2Fgravatar.png&r=g","caption":"jhona"},"url":"https:\/\/comm-elle.com\/ozas99prod\/author\/jhona-2-2-2-2-2-2-2-2-2-2-2-2-2-2-2-2-2-2\/"}]}},"_links":{"self":[{"href":"https:\/\/comm-elle.com\/ozas99prod\/wp-json\/wp\/v2\/posts\/7861","targetHints":{"allow":["GET"]}}],"collection":[{"href":"https:\/\/comm-elle.com\/ozas99prod\/wp-json\/wp\/v2\/posts"}],"about":[{"href":"https:\/\/comm-elle.com\/ozas99prod\/wp-json\/wp\/v2\/types\/post"}],"author":[{"embeddable":true,"href":"https:\/\/comm-elle.com\/ozas99prod\/wp-json\/wp\/v2\/users\/2"}],"replies":[{"embeddable":true,"href":"https:\/\/comm-elle.com\/ozas99prod\/wp-json\/wp\/v2\/comments?post=7861"}],"version-history":[{"count":23,"href":"https:\/\/comm-elle.com\/ozas99prod\/wp-json\/wp\/v2\/posts\/7861\/revisions"}],"predecessor-version":[{"id":11204,"href":"https:\/\/comm-elle.com\/ozas99prod\/wp-json\/wp\/v2\/posts\/7861\/revisions\/11204"}],"wp:featuredmedia":[{"embeddable":true,"href":"https:\/\/comm-elle.com\/ozas99prod\/wp-json\/wp\/v2\/media\/5710"}],"wp:attachment":[{"href":"https:\/\/comm-elle.com\/ozas99prod\/wp-json\/wp\/v2\/media?parent=7861"}],"wp:term":[{"taxonomy":"category","embeddable":true,"href":"https:\/\/comm-elle.com\/ozas99prod\/wp-json\/wp\/v2\/categories?post=7861"},{"taxonomy":"post_tag","embeddable":true,"href":"https:\/\/comm-elle.com\/ozas99prod\/wp-json\/wp\/v2\/tags?post=7861"}],"curies":[{"name":"wp","href":"https:\/\/api.w.org\/{rel}","templated":true}]}}